{"id":1046,"date":"2010-10-13T22:18:47","date_gmt":"2010-10-14T02:18:47","guid":{"rendered":"http:\/\/anthonyr.ca\/blog\/?p=1046"},"modified":"2011-10-24T22:34:08","modified_gmt":"2011-10-25T02:34:08","slug":"plateau-mont-royal","status":"publish","type":"post","link":"https:\/\/anthonyr.ca\/blog\/portrait\/plateau-mont-royal\/","title":{"rendered":"S\u00e9ance photo lifestyle au Parc Lafontaine \u00e0 Montr\u00e9al"},"content":{"rendered":"<p>Am\u00e9lia Salehabadi est avocate, chroniqueuse et \u00e9crivaine ! J&#8217;ai eu l&#8217;occasion de la photographier \u00e0 plusieurs reprises au cours des sept derni\u00e8res ann\u00e9es, que ce soit pour le Journal du Barreau, Droit Inc ou pour son cabinet d&#8217;avocats. Voici mes trois photos pr\u00e9f\u00e9r\u00e9es.<br \/>\n<a href=\"http:\/\/anthonyr.ca\/blog\/portrait\/plateau-mont-royal\/attachment\/amelia01-2\/\" rel=\"attachment wp-att-1047\"><img loading=\"lazy\" decoding=\"async\" class=\"alignnone size-full wp-image-1047\" title=\"Amelia\" src=\"http:\/\/anthonyr.ca\/blog\/wp-content\/uploads\/2010\/10\/Amelia01.jpg\" alt=\"\" width=\"533\" height=\"800\" srcset=\"https:\/\/anthonyr.ca\/blog\/wp-content\/uploads\/2010\/10\/Amelia01.jpg 533w, https:\/\/anthonyr.ca\/blog\/wp-content\/uploads\/2010\/10\/Amelia01-99x150.jpg 99w\" sizes=\"auto, (max-width: 533px) 100vw, 533px\" \/><\/a><\/p>\n<p><a href=\"http:\/\/anthonyr.ca\/blog\/portrait\/plateau-mont-royal\/attachment\/amelia-salehabadi\/\" rel=\"attachment wp-att-1911\"><img loading=\"lazy\" decoding=\"async\" class=\"alignnone size-full wp-image-1911\" title=\"amelia-salehabadi\" src=\"http:\/\/anthonyr.ca\/blog\/wp-content\/uploads\/2010\/10\/amelia-salehabadi.jpg\" alt=\"Femme en robe d'\u00e9t\u00e9 pr\u00e8s d'un lac \u00e0 Montr\u00e9al\" width=\"970\" height=\"745\" srcset=\"https:\/\/anthonyr.ca\/blog\/wp-content\/uploads\/2010\/10\/amelia-salehabadi.jpg 970w, https:\/\/anthonyr.ca\/blog\/wp-content\/uploads\/2010\/10\/amelia-salehabadi-150x115.jpg 150w\" sizes=\"auto, (max-width: 970px) 100vw, 970px\" \/><\/a><\/p>\n","protected":false},"excerpt":{"rendered":"<p>Am\u00e9lia Salehabadi est avocate, chroniqueuse et \u00e9crivaine ! J&#8217;ai eu l&#8217;occasion de la photographier \u00e0 plusieurs reprises au cours des sept derni\u00e8res ann\u00e9es, que ce soit pour le Journal du Barreau, Droit Inc ou pour son cabinet d&#8217;avocats. Voici mes trois photos pr\u00e9f\u00e9r\u00e9es.<\/p>\n","protected":false},"author":1,"featured_media":0,"comment_status":"open","ping_status":"open","sticky":false,"template":"","format":"standard","meta":{"_monsterinsights_skip_tracking":false,"_monsterinsights_sitenote_active":false,"_monsterinsights_sitenote_note":"","_monsterinsights_sitenote_category":0,"footnotes":""},"categories":[22],"tags":[],"class_list":["post-1046","post","type-post","status-publish","format-standard","hentry","category-portrait"],"_links":{"self":[{"href":"https:\/\/anthonyr.ca\/blog\/wp-json\/wp\/v2\/posts\/1046","targetHints":{"allow":["GET"]}}],"collection":[{"href":"https:\/\/anthonyr.ca\/blog\/wp-json\/wp\/v2\/posts"}],"about":[{"href":"https:\/\/anthonyr.ca\/blog\/wp-json\/wp\/v2\/types\/post"}],"author":[{"embeddable":true,"href":"https:\/\/anthonyr.ca\/blog\/wp-json\/wp\/v2\/users\/1"}],"replies":[{"embeddable":true,"href":"https:\/\/anthonyr.ca\/blog\/wp-json\/wp\/v2\/comments?post=1046"}],"version-history":[{"count":17,"href":"https:\/\/anthonyr.ca\/blog\/wp-json\/wp\/v2\/posts\/1046\/revisions"}],"predecessor-version":[{"id":1050,"href":"https:\/\/anthonyr.ca\/blog\/wp-json\/wp\/v2\/posts\/1046\/revisions\/1050"}],"wp:attachment":[{"href":"https:\/\/anthonyr.ca\/blog\/wp-json\/wp\/v2\/media?parent=1046"}],"wp:term":[{"taxonomy":"category","embeddable":true,"href":"https:\/\/anthonyr.ca\/blog\/wp-json\/wp\/v2\/categories?post=1046"},{"taxonomy":"post_tag","embeddable":true,"href":"https:\/\/anthonyr.ca\/blog\/wp-json\/wp\/v2\/tags?post=1046"}],"curies":[{"name":"wp","href":"https:\/\/api.w.org\/{rel}","templated":true}]}}