{"id":1062,"date":"2010-10-15T23:22:54","date_gmt":"2010-10-16T03:22:54","guid":{"rendered":"http:\/\/anthonyr.ca\/blog\/?p=1062"},"modified":"2014-04-15T01:18:37","modified_gmt":"2014-04-15T05:18:37","slug":"chalet-des-erables-sainte-anne-des-plaines","status":"publish","type":"post","link":"https:\/\/anthonyr.ca\/blog\/mariage\/chalet-des-erables-sainte-anne-des-plaines\/","title":{"rendered":"Mariage rustique au Chalet des \u00e9rables"},"content":{"rendered":"<p>Magnifique mariage d&#8217;automne avec Jo\u00eblle et Ian au Chalet des \u00e9rables, situ\u00e9 \u00e0 Sainte-Anne-des-Plaines.<br \/>\n<a href=\"http:\/\/anthonyr.ca\/blog\/mariage\/chalet-des-erables-sainte-anne-des-plaines\/attachment\/groom-7\/\" rel=\"attachment wp-att-3813\"><img loading=\"lazy\" decoding=\"async\" class=\"alignnone size-full wp-image-3813\" alt=\"Awesome groom picture.\" src=\"http:\/\/anthonyr.ca\/blog\/wp-content\/uploads\/2010\/10\/groom.jpg\" width=\"970\" height=\"647\" srcset=\"https:\/\/anthonyr.ca\/blog\/wp-content\/uploads\/2010\/10\/groom.jpg 970w, https:\/\/anthonyr.ca\/blog\/wp-content\/uploads\/2010\/10\/groom-150x100.jpg 150w, https:\/\/anthonyr.ca\/blog\/wp-content\/uploads\/2010\/10\/groom-900x600.jpg 900w\" sizes=\"auto, (max-width: 970px) 100vw, 970px\" \/><\/a><\/p>\n<p><a href=\"http:\/\/anthonyr.ca\/blog\/mariage\/chalet-des-erables-sainte-anne-des-plaines\/attachment\/groom-bride\/\" rel=\"attachment wp-att-3815\"><img loading=\"lazy\" decoding=\"async\" class=\"alignnone size-full wp-image-3815\" alt=\"Rustic farm wedding.\" src=\"http:\/\/anthonyr.ca\/blog\/wp-content\/uploads\/2010\/10\/groom-bride.jpg\" width=\"970\" height=\"647\" srcset=\"https:\/\/anthonyr.ca\/blog\/wp-content\/uploads\/2010\/10\/groom-bride.jpg 970w, https:\/\/anthonyr.ca\/blog\/wp-content\/uploads\/2010\/10\/groom-bride-150x100.jpg 150w, https:\/\/anthonyr.ca\/blog\/wp-content\/uploads\/2010\/10\/groom-bride-900x600.jpg 900w\" sizes=\"auto, (max-width: 970px) 100vw, 970px\" \/><\/a><\/p>\n<p><a href=\"http:\/\/anthonyr.ca\/blog\/mariage\/chalet-des-erables-sainte-anne-des-plaines\/attachment\/kiss-2\/\" rel=\"attachment wp-att-3816\"><img loading=\"lazy\" decoding=\"async\" class=\"alignnone size-full wp-image-3816\" alt=\"Perfect barn wedding.\" src=\"http:\/\/anthonyr.ca\/blog\/wp-content\/uploads\/2010\/10\/kiss.jpg\" width=\"970\" height=\"647\" srcset=\"https:\/\/anthonyr.ca\/blog\/wp-content\/uploads\/2010\/10\/kiss.jpg 970w, https:\/\/anthonyr.ca\/blog\/wp-content\/uploads\/2010\/10\/kiss-150x100.jpg 150w, https:\/\/anthonyr.ca\/blog\/wp-content\/uploads\/2010\/10\/kiss-900x600.jpg 900w\" sizes=\"auto, (max-width: 970px) 100vw, 970px\" \/><\/a><\/p>\n<p><a href=\"http:\/\/anthonyr.ca\/blog\/mariage\/chalet-des-erables-sainte-anne-des-plaines\/attachment\/bouquet-automne\/\" rel=\"attachment wp-att-3817\"><img loading=\"lazy\" decoding=\"async\" class=\"alignnone size-full wp-image-3817\" alt=\"Elegant country wedding.\" src=\"http:\/\/anthonyr.ca\/blog\/wp-content\/uploads\/2010\/10\/bouquet-automne.jpg\" width=\"970\" height=\"717\" srcset=\"https:\/\/anthonyr.ca\/blog\/wp-content\/uploads\/2010\/10\/bouquet-automne.jpg 970w, https:\/\/anthonyr.ca\/blog\/wp-content\/uploads\/2010\/10\/bouquet-automne-150x110.jpg 150w, https:\/\/anthonyr.ca\/blog\/wp-content\/uploads\/2010\/10\/bouquet-automne-900x665.jpg 900w\" sizes=\"auto, (max-width: 970px) 100vw, 970px\" \/><\/a><\/p>\n<p><a href=\"http:\/\/anthonyr.ca\/blog\/mariage\/chalet-des-erables-sainte-anne-des-plaines\/attachment\/dress-shoes\/\" rel=\"attachment wp-att-3818\"><img loading=\"lazy\" decoding=\"async\" class=\"alignnone size-full wp-image-3818\" alt=\"Woodland wedding.\" src=\"http:\/\/anthonyr.ca\/blog\/wp-content\/uploads\/2010\/10\/dress-shoes.jpg\" width=\"970\" height=\"717\" srcset=\"https:\/\/anthonyr.ca\/blog\/wp-content\/uploads\/2010\/10\/dress-shoes.jpg 970w, https:\/\/anthonyr.ca\/blog\/wp-content\/uploads\/2010\/10\/dress-shoes-150x110.jpg 150w, https:\/\/anthonyr.ca\/blog\/wp-content\/uploads\/2010\/10\/dress-shoes-900x665.jpg 900w\" sizes=\"auto, (max-width: 970px) 100vw, 970px\" \/><\/a><\/p>\n<p><a href=\"http:\/\/anthonyr.ca\/blog\/mariage\/chalet-des-erables-sainte-anne-des-plaines\/attachment\/chapelle\/\" rel=\"attachment wp-att-1143\"><img loading=\"lazy\" decoding=\"async\" class=\"alignnone size-full wp-image-1143\" title=\"chapelle\" alt=\"Chapelle du chalet des \u00e9rables \u00e0 Sainte-Anne-des-Plaines\" src=\"http:\/\/anthonyr.ca\/blog\/wp-content\/uploads\/2010\/10\/chapelle.jpg\" width=\"970\" height=\"647\" srcset=\"https:\/\/anthonyr.ca\/blog\/wp-content\/uploads\/2010\/10\/chapelle.jpg 970w, https:\/\/anthonyr.ca\/blog\/wp-content\/uploads\/2010\/10\/chapelle-150x100.jpg 150w\" sizes=\"auto, (max-width: 970px) 100vw, 970px\" \/><\/a><\/p>\n<p><a href=\"http:\/\/anthonyr.ca\/blog\/mariage\/chalet-des-erables-sainte-anne-des-plaines\/attachment\/wedding-reception-3\/\" rel=\"attachment wp-att-3811\"><img loading=\"lazy\" decoding=\"async\" class=\"alignnone size-full wp-image-3811\" alt=\"R\u00e9ception de mariage dans une cabane \u00e0 sucre.\" src=\"http:\/\/anthonyr.ca\/blog\/wp-content\/uploads\/2010\/10\/wedding-reception.jpg\" width=\"970\" height=\"647\" srcset=\"https:\/\/anthonyr.ca\/blog\/wp-content\/uploads\/2010\/10\/wedding-reception.jpg 970w, https:\/\/anthonyr.ca\/blog\/wp-content\/uploads\/2010\/10\/wedding-reception-150x100.jpg 150w, https:\/\/anthonyr.ca\/blog\/wp-content\/uploads\/2010\/10\/wedding-reception-900x600.jpg 900w\" sizes=\"auto, (max-width: 970px) 100vw, 970px\" \/><\/a><br \/>\n&lt;&lt;\u00a0Anthony is an amazing photographer. He has exceeded our expectations in every way: He was very professional, had a great eye for the right shots and was very quick at processing our pictures after our wedding. As a result, I don&#8217;t think we could have possibly had better wedding pictures. We highly recommend Anthony for your wedding photographs. &gt;&gt; Jo\u00eblle<\/p>\n","protected":false},"excerpt":{"rendered":"<p>Magnifique mariage d&#8217;automne avec Jo\u00eblle et Ian au Chalet des \u00e9rables, situ\u00e9 \u00e0 Sainte-Anne-des-Plaines. &lt;&lt;\u00a0Anthony is an amazing photographer. He has exceeded our expectations in every way: He was very professional, had a great eye for the right shots and was very quick at processing our pictures after our wedding. As a result, I don&#8217;t [&hellip;]<\/p>\n","protected":false},"author":1,"featured_media":0,"comment_status":"open","ping_status":"open","sticky":false,"template":"","format":"standard","meta":{"_monsterinsights_skip_tracking":false,"_monsterinsights_sitenote_active":false,"_monsterinsights_sitenote_note":"","_monsterinsights_sitenote_category":0,"footnotes":""},"categories":[5],"tags":[],"class_list":["post-1062","post","type-post","status-publish","format-standard","hentry","category-mariage"],"_links":{"self":[{"href":"https:\/\/anthonyr.ca\/blog\/wp-json\/wp\/v2\/posts\/1062","targetHints":{"allow":["GET"]}}],"collection":[{"href":"https:\/\/anthonyr.ca\/blog\/wp-json\/wp\/v2\/posts"}],"about":[{"href":"https:\/\/anthonyr.ca\/blog\/wp-json\/wp\/v2\/types\/post"}],"author":[{"embeddable":true,"href":"https:\/\/anthonyr.ca\/blog\/wp-json\/wp\/v2\/users\/1"}],"replies":[{"embeddable":true,"href":"https:\/\/anthonyr.ca\/blog\/wp-json\/wp\/v2\/comments?post=1062"}],"version-history":[{"count":44,"href":"https:\/\/anthonyr.ca\/blog\/wp-json\/wp\/v2\/posts\/1062\/revisions"}],"predecessor-version":[{"id":3821,"href":"https:\/\/anthonyr.ca\/blog\/wp-json\/wp\/v2\/posts\/1062\/revisions\/3821"}],"wp:attachment":[{"href":"https:\/\/anthonyr.ca\/blog\/wp-json\/wp\/v2\/media?parent=1062"}],"wp:term":[{"taxonomy":"category","embeddable":true,"href":"https:\/\/anthonyr.ca\/blog\/wp-json\/wp\/v2\/categories?post=1062"},{"taxonomy":"post_tag","embeddable":true,"href":"https:\/\/anthonyr.ca\/blog\/wp-json\/wp\/v2\/tags?post=1062"}],"curies":[{"name":"wp","href":"https:\/\/api.w.org\/{rel}","templated":true}]}}