{"id":2979,"date":"2012-08-20T01:36:10","date_gmt":"2012-08-20T05:36:10","guid":{"rendered":"http:\/\/anthonyr.ca\/blog\/?p=2979"},"modified":"2016-04-03T22:22:19","modified_gmt":"2016-04-04T02:22:19","slug":"chateau-frontenac-vieux-quebec","status":"publish","type":"post","link":"https:\/\/anthonyr.ca\/blog\/mariage\/chateau-frontenac-vieux-quebec\/","title":{"rendered":"Mariage au Fairmont Le Ch\u00e2teau Frontenac"},"content":{"rendered":"<p>Magnifique mariage avec Kendra et Conrad \u00e0 la biblioth\u00e8que du Fairmont Le Ch\u00e2teau Frontenac. La c\u00e9r\u00e9monie ext\u00e9rieure a eu lieu sur la terrasse Pierre-Dugua-De Mons, qui offre une superbe vue sur le fleuve Saint-Laurent.<br \/>\n<a href=\"http:\/\/anthonyr.ca\/blog\/mariage\/chateau-frontenac-vieux-quebec\/attachment\/robe-bouquet\/\" rel=\"attachment wp-att-3205\"><img loading=\"lazy\" decoding=\"async\" class=\"alignnone size-full wp-image-3205\" src=\"http:\/\/anthonyr.ca\/blog\/wp-content\/uploads\/2012\/08\/robe-bouquet.jpg\" alt=\"Honeymoon suite in Quebec City.\" width=\"970\" height=\"657\" srcset=\"https:\/\/anthonyr.ca\/blog\/wp-content\/uploads\/2012\/08\/robe-bouquet.jpg 970w, https:\/\/anthonyr.ca\/blog\/wp-content\/uploads\/2012\/08\/robe-bouquet-150x101.jpg 150w\" sizes=\"auto, (max-width: 970px) 100vw, 970px\" \/><\/a><br \/>\n<a href=\"http:\/\/anthonyr.ca\/blog\/mariage\/chateau-frontenac-vieux-quebec\/attachment\/ceremonie-2\/\" rel=\"attachment wp-att-3210\"><img loading=\"lazy\" decoding=\"async\" class=\"alignnone size-full wp-image-3210\" src=\"http:\/\/anthonyr.ca\/blog\/wp-content\/uploads\/2012\/08\/ceremonie.jpg\" alt=\"Mariage ext\u00e9rieur au pied de la Citadelle de Qu\u00e9bec.\" width=\"970\" height=\"657\" srcset=\"https:\/\/anthonyr.ca\/blog\/wp-content\/uploads\/2012\/08\/ceremonie.jpg 970w, https:\/\/anthonyr.ca\/blog\/wp-content\/uploads\/2012\/08\/ceremonie-150x101.jpg 150w\" sizes=\"auto, (max-width: 970px) 100vw, 970px\" \/><\/a><br \/>\n<a href=\"http:\/\/anthonyr.ca\/blog\/mariage\/chateau-frontenac-vieux-quebec\/attachment\/outside-ceremony\/\" rel=\"attachment wp-att-3036\"><img loading=\"lazy\" decoding=\"async\" class=\"alignnone size-full wp-image-3036\" title=\"outside-ceremony\" src=\"http:\/\/anthonyr.ca\/blog\/wp-content\/uploads\/2012\/08\/outside-ceremony.jpg\" alt=\"C\u00e9r\u00e9monie ext\u00e9rieure face au fleuve Saint-Laurent \u00e0 Qu\u00e9bec.\" width=\"970\" height=\"657\" srcset=\"https:\/\/anthonyr.ca\/blog\/wp-content\/uploads\/2012\/08\/outside-ceremony.jpg 970w, https:\/\/anthonyr.ca\/blog\/wp-content\/uploads\/2012\/08\/outside-ceremony-150x101.jpg 150w\" sizes=\"auto, (max-width: 970px) 100vw, 970px\" \/><\/a><br \/>\n<a href=\"http:\/\/anthonyr.ca\/blog\/mariage\/chateau-frontenac-vieux-quebec\/attachment\/wedding-ceremony-3\/\" rel=\"attachment wp-att-3212\"><img loading=\"lazy\" decoding=\"async\" class=\"alignnone size-full wp-image-3212\" src=\"http:\/\/anthonyr.ca\/blog\/wp-content\/uploads\/2012\/08\/wedding-ceremony1.jpg\" alt=\"\u00c9change des voeux\" width=\"970\" height=\"657\" srcset=\"https:\/\/anthonyr.ca\/blog\/wp-content\/uploads\/2012\/08\/wedding-ceremony1.jpg 970w, https:\/\/anthonyr.ca\/blog\/wp-content\/uploads\/2012\/08\/wedding-ceremony1-150x101.jpg 150w\" sizes=\"auto, (max-width: 970px) 100vw, 970px\" \/><\/a><br \/>\n<a href=\"http:\/\/anthonyr.ca\/blog\/mariage\/chateau-frontenac-vieux-quebec\/attachment\/groom-4\/\" rel=\"attachment wp-att-3219\"><img loading=\"lazy\" decoding=\"async\" class=\"alignnone size-full wp-image-3219\" src=\"http:\/\/anthonyr.ca\/blog\/wp-content\/uploads\/2012\/08\/groom.jpg\" alt=\"Destination Wedding\" width=\"970\" height=\"657\" srcset=\"https:\/\/anthonyr.ca\/blog\/wp-content\/uploads\/2012\/08\/groom.jpg 970w, https:\/\/anthonyr.ca\/blog\/wp-content\/uploads\/2012\/08\/groom-150x101.jpg 150w\" sizes=\"auto, (max-width: 970px) 100vw, 970px\" \/><\/a><br \/>\n<a href=\"http:\/\/anthonyr.ca\/blog\/mariage\/chateau-frontenac-vieux-quebec\/attachment\/caleche\/\" rel=\"attachment wp-att-3208\"><img loading=\"lazy\" decoding=\"async\" class=\"alignnone size-full wp-image-3208\" src=\"http:\/\/anthonyr.ca\/blog\/wp-content\/uploads\/2012\/08\/caleche.jpg\" alt=\"Mari\u00e9s en cal\u00e8che sur les plaines d'Abraham.\" width=\"970\" height=\"657\" srcset=\"https:\/\/anthonyr.ca\/blog\/wp-content\/uploads\/2012\/08\/caleche.jpg 970w, https:\/\/anthonyr.ca\/blog\/wp-content\/uploads\/2012\/08\/caleche-150x101.jpg 150w\" sizes=\"auto, (max-width: 970px) 100vw, 970px\" \/><\/a><br \/>\n<a href=\"http:\/\/anthonyr.ca\/blog\/mariage\/chateau-frontenac-vieux-quebec\/attachment\/horse-carriage\/\" rel=\"attachment wp-att-4531\"><img loading=\"lazy\" decoding=\"async\" src=\"http:\/\/anthonyr.ca\/blog\/wp-content\/uploads\/2012\/08\/horse-carriage.jpg\" alt=\"Horse-drawn carriage ride in Old Quebec.\" width=\"970\" height=\"657\" class=\"alignnone size-full wp-image-4531\" srcset=\"https:\/\/anthonyr.ca\/blog\/wp-content\/uploads\/2012\/08\/horse-carriage.jpg 970w, https:\/\/anthonyr.ca\/blog\/wp-content\/uploads\/2012\/08\/horse-carriage-150x102.jpg 150w, https:\/\/anthonyr.ca\/blog\/wp-content\/uploads\/2012\/08\/horse-carriage-768x520.jpg 768w\" sizes=\"auto, (max-width: 970px) 100vw, 970px\" \/><\/a><br \/>\n<a href=\"http:\/\/anthonyr.ca\/blog\/mariage\/chateau-frontenac-vieux-quebec\/attachment\/bague\/\" rel=\"attachment wp-att-3214\"><img loading=\"lazy\" decoding=\"async\" class=\"alignnone size-full wp-image-3214\" src=\"http:\/\/anthonyr.ca\/blog\/wp-content\/uploads\/2012\/08\/bague.jpg\" alt=\"Wedding ring and bands.\" width=\"970\" height=\"657\" srcset=\"https:\/\/anthonyr.ca\/blog\/wp-content\/uploads\/2012\/08\/bague.jpg 970w, https:\/\/anthonyr.ca\/blog\/wp-content\/uploads\/2012\/08\/bague-150x101.jpg 150w\" sizes=\"auto, (max-width: 970px) 100vw, 970px\" \/><\/a><br \/>\n<a href=\"http:\/\/anthonyr.ca\/blog\/mariage\/chateau-frontenac-vieux-quebec\/attachment\/bouquet\/\" rel=\"attachment wp-att-3217\"><img loading=\"lazy\" decoding=\"async\" class=\"alignnone size-full wp-image-3217\" src=\"http:\/\/anthonyr.ca\/blog\/wp-content\/uploads\/2012\/08\/bouquet.jpg\" alt=\"flower\" width=\"970\" height=\"729\" srcset=\"https:\/\/anthonyr.ca\/blog\/wp-content\/uploads\/2012\/08\/bouquet.jpg 970w, https:\/\/anthonyr.ca\/blog\/wp-content\/uploads\/2012\/08\/bouquet-150x112.jpg 150w\" sizes=\"auto, (max-width: 970px) 100vw, 970px\" \/><\/a><br \/>\n<a href=\"http:\/\/anthonyr.ca\/blog\/mariage\/chateau-frontenac-vieux-quebec\/attachment\/terrasse-dufferin\/\" rel=\"attachment wp-att-3303\"><img loading=\"lazy\" decoding=\"async\" class=\"alignnone size-full wp-image-3303\" src=\"http:\/\/anthonyr.ca\/blog\/wp-content\/uploads\/2012\/08\/terrasse-dufferin.jpg\" alt=\"Endroit romantique au pied de la Citadelle de Qu\u00e9bec.\" width=\"970\" height=\"729\" srcset=\"https:\/\/anthonyr.ca\/blog\/wp-content\/uploads\/2012\/08\/terrasse-dufferin.jpg 970w, https:\/\/anthonyr.ca\/blog\/wp-content\/uploads\/2012\/08\/terrasse-dufferin-150x112.jpg 150w\" sizes=\"auto, (max-width: 970px) 100vw, 970px\" \/><\/a><br \/>\n<a href=\"http:\/\/anthonyr.ca\/blog\/mariage\/chateau-frontenac-vieux-quebec\/attachment\/shoes\/\" rel=\"attachment wp-att-3723\"><img loading=\"lazy\" decoding=\"async\" class=\"alignnone size-full wp-image-3723\" src=\"http:\/\/anthonyr.ca\/blog\/wp-content\/uploads\/2012\/08\/shoes.jpg\" alt=\"Wedding socks.\" width=\"970\" height=\"392\" srcset=\"https:\/\/anthonyr.ca\/blog\/wp-content\/uploads\/2012\/08\/shoes.jpg 970w, https:\/\/anthonyr.ca\/blog\/wp-content\/uploads\/2012\/08\/shoes-150x60.jpg 150w, https:\/\/anthonyr.ca\/blog\/wp-content\/uploads\/2012\/08\/shoes-900x363.jpg 900w\" sizes=\"auto, (max-width: 970px) 100vw, 970px\" \/><\/a><br \/>\n<a href=\"http:\/\/anthonyr.ca\/blog\/mariage\/chateau-frontenac-vieux-quebec\/attachment\/chateau-frontenac\/\" rel=\"attachment wp-att-2980\"><img loading=\"lazy\" decoding=\"async\" class=\"alignnone size-full wp-image-2980\" title=\"chateau-frontenac\" src=\"http:\/\/anthonyr.ca\/blog\/wp-content\/uploads\/2012\/08\/chateau-frontenac.jpg\" alt=\"Beautiful wedding reception in Old Quebec.\" width=\"970\" height=\"647\" srcset=\"https:\/\/anthonyr.ca\/blog\/wp-content\/uploads\/2012\/08\/chateau-frontenac.jpg 970w, https:\/\/anthonyr.ca\/blog\/wp-content\/uploads\/2012\/08\/chateau-frontenac-150x100.jpg 150w\" sizes=\"auto, (max-width: 970px) 100vw, 970px\" \/><\/a><br \/>\n<a href=\"http:\/\/anthonyr.ca\/blog\/mariage\/chateau-frontenac-vieux-quebec\/attachment\/cocktail\/\" rel=\"attachment wp-att-3720\"><img loading=\"lazy\" decoding=\"async\" class=\"alignnone size-full wp-image-3720\" src=\"http:\/\/anthonyr.ca\/blog\/wp-content\/uploads\/2012\/08\/cocktail.jpg\" alt=\"Toast during wedding reception.\" width=\"970\" height=\"657\" srcset=\"https:\/\/anthonyr.ca\/blog\/wp-content\/uploads\/2012\/08\/cocktail.jpg 970w, https:\/\/anthonyr.ca\/blog\/wp-content\/uploads\/2012\/08\/cocktail-150x101.jpg 150w, https:\/\/anthonyr.ca\/blog\/wp-content\/uploads\/2012\/08\/cocktail-900x609.jpg 900w\" sizes=\"auto, (max-width: 970px) 100vw, 970px\" \/><\/a><br \/>\nPr\u00e9paratifs du mari\u00e9: H\u00f4tel Champlain.<br \/>\nVioloniste: Jacques Bernier<\/p>\n","protected":false},"excerpt":{"rendered":"<p>Magnifique mariage avec Kendra et Conrad \u00e0 la biblioth\u00e8que du Fairmont Le Ch\u00e2teau Frontenac. La c\u00e9r\u00e9monie ext\u00e9rieure a eu lieu sur la terrasse Pierre-Dugua-De Mons, qui offre une superbe vue sur le fleuve Saint-Laurent. Pr\u00e9paratifs du mari\u00e9: H\u00f4tel Champlain. Violoniste: Jacques Bernier<\/p>\n","protected":false},"author":1,"featured_media":0,"comment_status":"open","ping_status":"open","sticky":false,"template":"","format":"standard","meta":{"_monsterinsights_skip_tracking":false,"_monsterinsights_sitenote_active":false,"_monsterinsights_sitenote_note":"","_monsterinsights_sitenote_category":0,"footnotes":""},"categories":[5],"tags":[],"class_list":["post-2979","post","type-post","status-publish","format-standard","hentry","category-mariage"],"_links":{"self":[{"href":"https:\/\/anthonyr.ca\/blog\/wp-json\/wp\/v2\/posts\/2979","targetHints":{"allow":["GET"]}}],"collection":[{"href":"https:\/\/anthonyr.ca\/blog\/wp-json\/wp\/v2\/posts"}],"about":[{"href":"https:\/\/anthonyr.ca\/blog\/wp-json\/wp\/v2\/types\/post"}],"author":[{"embeddable":true,"href":"https:\/\/anthonyr.ca\/blog\/wp-json\/wp\/v2\/users\/1"}],"replies":[{"embeddable":true,"href":"https:\/\/anthonyr.ca\/blog\/wp-json\/wp\/v2\/comments?post=2979"}],"version-history":[{"count":28,"href":"https:\/\/anthonyr.ca\/blog\/wp-json\/wp\/v2\/posts\/2979\/revisions"}],"predecessor-version":[{"id":4532,"href":"https:\/\/anthonyr.ca\/blog\/wp-json\/wp\/v2\/posts\/2979\/revisions\/4532"}],"wp:attachment":[{"href":"https:\/\/anthonyr.ca\/blog\/wp-json\/wp\/v2\/media?parent=2979"}],"wp:term":[{"taxonomy":"category","embeddable":true,"href":"https:\/\/anthonyr.ca\/blog\/wp-json\/wp\/v2\/categories?post=2979"},{"taxonomy":"post_tag","embeddable":true,"href":"https:\/\/anthonyr.ca\/blog\/wp-json\/wp\/v2\/tags?post=2979"}],"curies":[{"name":"wp","href":"https:\/\/api.w.org\/{rel}","templated":true}]}}