{"id":3490,"date":"2013-08-19T22:03:46","date_gmt":"2013-08-20T02:03:46","guid":{"rendered":"http:\/\/anthonyr.ca\/blog\/?p=3490"},"modified":"2014-02-19T00:36:22","modified_gmt":"2014-02-19T04:36:22","slug":"champetre-monteregie","status":"publish","type":"post","link":"https:\/\/anthonyr.ca\/blog\/mariage\/champetre-monteregie\/","title":{"rendered":"Mariage champ\u00eatre au Ch\u00e2teau Saint-Antoine"},"content":{"rendered":"<p>Magnifique mariage avec Catherine et Dominic \u00e0 Saint-Antoine-sur-Richelieu. La c\u00e9r\u00e9monie civile a eu lieu sur la terrasse arri\u00e8re du Ch\u00e2teau. La r\u00e9ception se d\u00e9roula dans le grand salon Comtes de Champagne.<br \/>\n<a href=\"http:\/\/anthonyr.ca\/blog\/mariage\/champetre-monteregie\/attachment\/white-shoes\/\" rel=\"attachment wp-att-3754\"><img loading=\"lazy\" decoding=\"async\" class=\"alignnone size-full wp-image-3754\" alt=\"Bridal shoes\" src=\"http:\/\/anthonyr.ca\/blog\/wp-content\/uploads\/2013\/08\/white-shoes.jpg\" width=\"970\" height=\"628\" srcset=\"https:\/\/anthonyr.ca\/blog\/wp-content\/uploads\/2013\/08\/white-shoes.jpg 970w, https:\/\/anthonyr.ca\/blog\/wp-content\/uploads\/2013\/08\/white-shoes-150x97.jpg 150w, https:\/\/anthonyr.ca\/blog\/wp-content\/uploads\/2013\/08\/white-shoes-900x582.jpg 900w\" sizes=\"auto, (max-width: 970px) 100vw, 970px\" \/><\/a><br \/>\n<a href=\"http:\/\/anthonyr.ca\/blog\/mariage\/champetre-monteregie\/attachment\/bride-getting-ready\/\" rel=\"attachment wp-att-3757\"><img loading=\"lazy\" decoding=\"async\" class=\"alignnone size-full wp-image-3757\" alt=\"Pr\u00e9paratifs de la mari\u00e9e.\" src=\"http:\/\/anthonyr.ca\/blog\/wp-content\/uploads\/2013\/08\/bride-getting-ready.jpg\" width=\"970\" height=\"629\" srcset=\"https:\/\/anthonyr.ca\/blog\/wp-content\/uploads\/2013\/08\/bride-getting-ready.jpg 970w, https:\/\/anthonyr.ca\/blog\/wp-content\/uploads\/2013\/08\/bride-getting-ready-150x97.jpg 150w, https:\/\/anthonyr.ca\/blog\/wp-content\/uploads\/2013\/08\/bride-getting-ready-900x583.jpg 900w\" sizes=\"auto, (max-width: 970px) 100vw, 970px\" \/><\/a><br \/>\n<a href=\"http:\/\/anthonyr.ca\/blog\/mariage\/champetre-monteregie\/attachment\/garden\/\" rel=\"attachment wp-att-3502\"><img loading=\"lazy\" decoding=\"async\" class=\"alignnone size-full wp-image-3502\" alt=\"Outside wedding in a beautiful garden near Montreal.\" src=\"http:\/\/anthonyr.ca\/blog\/wp-content\/uploads\/2013\/08\/garden.jpg\" width=\"970\" height=\"647\" srcset=\"https:\/\/anthonyr.ca\/blog\/wp-content\/uploads\/2013\/08\/garden.jpg 970w, https:\/\/anthonyr.ca\/blog\/wp-content\/uploads\/2013\/08\/garden-150x100.jpg 150w\" sizes=\"auto, (max-width: 970px) 100vw, 970px\" \/><\/a><br \/>\n<a href=\"http:\/\/anthonyr.ca\/blog\/mariage\/champetre-monteregie\/attachment\/jardins-chateau\/\" rel=\"attachment wp-att-3504\"><img loading=\"lazy\" decoding=\"async\" class=\"alignnone size-full wp-image-3504\" alt=\"Awesome wedding in a castle in the Montreal area.\" src=\"http:\/\/anthonyr.ca\/blog\/wp-content\/uploads\/2013\/08\/jardins-chateau.jpg\" width=\"970\" height=\"667\" srcset=\"https:\/\/anthonyr.ca\/blog\/wp-content\/uploads\/2013\/08\/jardins-chateau.jpg 970w, https:\/\/anthonyr.ca\/blog\/wp-content\/uploads\/2013\/08\/jardins-chateau-150x103.jpg 150w\" sizes=\"auto, (max-width: 970px) 100vw, 970px\" \/><\/a><br \/>\n<a href=\"http:\/\/anthonyr.ca\/blog\/mariage\/champetre-monteregie\/attachment\/chateau-2\/\" rel=\"attachment wp-att-3491\"><img loading=\"lazy\" decoding=\"async\" class=\"alignnone size-full wp-image-3491\" alt=\"Nouveaux mari\u00e9s devant le Ch\u00e2teau Saint-Antoine.\" src=\"http:\/\/anthonyr.ca\/blog\/wp-content\/uploads\/2013\/08\/chateau.jpg\" width=\"970\" height=\"647\" srcset=\"https:\/\/anthonyr.ca\/blog\/wp-content\/uploads\/2013\/08\/chateau.jpg 970w, https:\/\/anthonyr.ca\/blog\/wp-content\/uploads\/2013\/08\/chateau-150x100.jpg 150w\" sizes=\"auto, (max-width: 970px) 100vw, 970px\" \/><\/a><br \/>\n<a href=\"http:\/\/anthonyr.ca\/blog\/mariage\/champetre-monteregie\/attachment\/ceremonie-exterieure-2\/\" rel=\"attachment wp-att-3523\"><img loading=\"lazy\" decoding=\"async\" class=\"alignnone size-full wp-image-3523\" alt=\"C\u00e9r\u00e9monie civile sur une terrasse.\" src=\"http:\/\/anthonyr.ca\/blog\/wp-content\/uploads\/2013\/08\/ceremonie-exterieure.jpg\" width=\"970\" height=\"657\" srcset=\"https:\/\/anthonyr.ca\/blog\/wp-content\/uploads\/2013\/08\/ceremonie-exterieure.jpg 970w, https:\/\/anthonyr.ca\/blog\/wp-content\/uploads\/2013\/08\/ceremonie-exterieure-150x101.jpg 150w\" sizes=\"auto, (max-width: 970px) 100vw, 970px\" \/><\/a><br \/>\n<a href=\"http:\/\/anthonyr.ca\/blog\/mariage\/champetre-monteregie\/attachment\/colombes\/\" rel=\"attachment wp-att-3539\"><img loading=\"lazy\" decoding=\"async\" class=\"alignnone size-full wp-image-3539\" alt=\"Envol\u00e9e de colombes lors d'un mariage.\" src=\"http:\/\/anthonyr.ca\/blog\/wp-content\/uploads\/2013\/08\/colombes.jpg\" width=\"970\" height=\"657\" srcset=\"https:\/\/anthonyr.ca\/blog\/wp-content\/uploads\/2013\/08\/colombes.jpg 970w, https:\/\/anthonyr.ca\/blog\/wp-content\/uploads\/2013\/08\/colombes-150x101.jpg 150w\" sizes=\"auto, (max-width: 970px) 100vw, 970px\" \/><\/a><br \/>\n<a href=\"http:\/\/anthonyr.ca\/blog\/mariage\/champetre-monteregie\/attachment\/ring-2\/\" rel=\"attachment wp-att-3759\"><img loading=\"lazy\" decoding=\"async\" src=\"http:\/\/anthonyr.ca\/blog\/wp-content\/uploads\/2013\/08\/ring.jpg\" alt=\"Bague de fian\u00e7ailles.\" width=\"970\" height=\"648\" class=\"alignnone size-full wp-image-3759\" srcset=\"https:\/\/anthonyr.ca\/blog\/wp-content\/uploads\/2013\/08\/ring.jpg 970w, https:\/\/anthonyr.ca\/blog\/wp-content\/uploads\/2013\/08\/ring-150x100.jpg 150w, https:\/\/anthonyr.ca\/blog\/wp-content\/uploads\/2013\/08\/ring-900x601.jpg 900w\" sizes=\"auto, (max-width: 970px) 100vw, 970px\" \/><\/a><br \/>\nMaquilleuse: Chantale Faucher<br \/>\nDJ: LP Productions (Marc Pashko)<br \/>\nPr\u00e9paratifs: La Galerie B&amp;B<\/p>\n","protected":false},"excerpt":{"rendered":"<p>Magnifique mariage avec Catherine et Dominic \u00e0 Saint-Antoine-sur-Richelieu. La c\u00e9r\u00e9monie civile a eu lieu sur la terrasse arri\u00e8re du Ch\u00e2teau. La r\u00e9ception se d\u00e9roula dans le grand salon Comtes de Champagne. Maquilleuse: Chantale Faucher DJ: LP Productions (Marc Pashko) Pr\u00e9paratifs: La Galerie B&amp;B<\/p>\n","protected":false},"author":1,"featured_media":0,"comment_status":"open","ping_status":"open","sticky":false,"template":"","format":"standard","meta":{"_monsterinsights_skip_tracking":false,"_monsterinsights_sitenote_active":false,"_monsterinsights_sitenote_note":"","_monsterinsights_sitenote_category":0,"footnotes":""},"categories":[5],"tags":[],"class_list":["post-3490","post","type-post","status-publish","format-standard","hentry","category-mariage"],"_links":{"self":[{"href":"https:\/\/anthonyr.ca\/blog\/wp-json\/wp\/v2\/posts\/3490","targetHints":{"allow":["GET"]}}],"collection":[{"href":"https:\/\/anthonyr.ca\/blog\/wp-json\/wp\/v2\/posts"}],"about":[{"href":"https:\/\/anthonyr.ca\/blog\/wp-json\/wp\/v2\/types\/post"}],"author":[{"embeddable":true,"href":"https:\/\/anthonyr.ca\/blog\/wp-json\/wp\/v2\/users\/1"}],"replies":[{"embeddable":true,"href":"https:\/\/anthonyr.ca\/blog\/wp-json\/wp\/v2\/comments?post=3490"}],"version-history":[{"count":19,"href":"https:\/\/anthonyr.ca\/blog\/wp-json\/wp\/v2\/posts\/3490\/revisions"}],"predecessor-version":[{"id":3760,"href":"https:\/\/anthonyr.ca\/blog\/wp-json\/wp\/v2\/posts\/3490\/revisions\/3760"}],"wp:attachment":[{"href":"https:\/\/anthonyr.ca\/blog\/wp-json\/wp\/v2\/media?parent=3490"}],"wp:term":[{"taxonomy":"category","embeddable":true,"href":"https:\/\/anthonyr.ca\/blog\/wp-json\/wp\/v2\/categories?post=3490"},{"taxonomy":"post_tag","embeddable":true,"href":"https:\/\/anthonyr.ca\/blog\/wp-json\/wp\/v2\/tags?post=3490"}],"curies":[{"name":"wp","href":"https:\/\/api.w.org\/{rel}","templated":true}]}}